{"provider_url": "https://www.centenariodosul.pr.leg.br", "title": "RECESSO PARLAMENTAR", "html": "<h3 style=\"text-align: justify; \"><b>Conforme determina o Art. 3\u00ba Inciso I do Regimento Interno da C\u00e2mara Municipal, os Vereadores entram em Recesso Parlamentar nos dias 01/07 a 31/07/2025, voltando as atividades normais com Sess\u00e3o Ordin\u00e1rias a partir do dia 04/08/2025.</b></h3>\r\n<h3 style=\"text-align: justify; \">\u00a0</h3>\r\n<h3 style=\"text-align: justify; \"><b>Informamos que neste per\u00edodo de Recesso Parlamentar, n\u00e3o exclui as atividades dos Vereadores, como legisladores, fiscalizadores e as Sess\u00f5es Extraordin\u00e1rias que poder\u00e3o ocorrer a qualquer dias e hor\u00e1rios, mediante convoca\u00e7\u00e3o do sr. Prefeito e do Presidente da C\u00e2mara Municipal.</b></h3>", "author_name": "", "version": "1.0", "author_url": "https://www.centenariodosul.pr.leg.br/author/adm", "provider_name": "C\u00c2MARA MUNICIPAL", "type": "rich"}