{"provider_url": "https://www.centenariodosul.pr.leg.br", "title": "CONVITE PARA PALESTRA COLO PRA M\u00c3E", "html": "<h2 style=\"text-align: justify; \">A C\u00e2mara Municipal convida a popula\u00e7\u00e3o em geral para participar da Palestra COLO PRA M\u00c3E, Maio P\u00farpura, m\u00eas de conscientiza\u00e7\u00e3o da Sa\u00fade Mental Materna, com a Psic\u00f3loga Francila Marchiori,\u00a0 que se realizar\u00e1 no dia 29 de Maio/2019, \u00e0s 19h00, no Plen\u00e1rio da C\u00e2mara Municipal.</h2>\r\n<h2 style=\"text-align: justify; \"></h2>\r\n<p>\u00a0</p>\r\n<h2 style=\"text-align: justify; \">Aos participantes, ser\u00e1 exigido 01 (uma) caixa de Leite (1 L ) ou 01(um) pacote de Fralda Geri\u00e1trica (tam. G), que ser\u00e3o revertidos ao ASILO de Centen\u00e1rio do Sul.</h2>\r\n<h2 style=\"text-align: justify; \"><strong><br /></strong></h2>\r\n<h2 style=\"text-align: center; \"><strong>APOIO:</strong> C\u00c2MARA MUNICIPAL</h2>\r\n<h2 style=\"text-align: center; \"></h2>\r\n<p>\u00a0</p>\r\n<h2 style=\"text-align: center; \">PARTICIPEM ! ! !</h2>", "author_name": "cel", "version": "1.0", "author_url": "https://www.centenariodosul.pr.leg.br/author/cel", "provider_name": "C\u00c2MARA MUNICIPAL", "type": "rich"}