{"provider_url": "https://www.centenariodosul.pr.leg.br", "title": "Outubro Rosa 2017 - A import\u00e2ncia do diagn\u00f3stico precoce", "html": "<p class=\" \" style=\"text-align: justify; \">Outubro Rosa\u00a0\u00e9 um movimento que ocorre internacionalmente durante todo o m\u00eas de outubro. Ele tem como objetivo principal ressaltar a necessidade da\u00a0preven\u00e7\u00e3o e do diagn\u00f3stico precoce do\u00a0c\u00e2ncer de mama.</p>\r\n<p class=\" \" style=\"text-align: justify; \"><span>O Outubro Rosa come\u00e7ou na d\u00e9cada de 1990, nos Estados Unidos, onde os estados faziam\u00a0a\u00e7\u00f5es isoladas referentes ao assunto. Com a posterior aprova\u00e7\u00e3o do Congresso Americano, o m\u00eas de outubro se tornou o m\u00eas nacional de preven\u00e7\u00e3o contra o c\u00e2ncer de mama no pa\u00eds.</span></p>\r\n<p class=\" \" style=\"text-align: justify; \"><span>Para mobilizar a popula\u00e7\u00e3o americana sobre a import\u00e2ncia da a\u00e7\u00e3o, as cidades come\u00e7aram a se enfeitar com\u00a0la\u00e7os rosas.\u00a0Inicialmente, a ideia foi lan\u00e7ada pela\u00a0Funda\u00e7\u00e3o Susan G. Komen for the Cure e os la\u00e7os foram dados aos participantes da primeira Corrida pela Cura, realizada em Nova Iorque, em 1990. Depois disso, o objeto passou a ser distribu\u00eddo em locais p\u00fablicos, corridas, desfiles de modas, entre outros eventos.</span></p>\r\n<p class=\" \" style=\"text-align: justify; \"><span>Embora a doen\u00e7a esteja presente no ano inteiro, o m\u00eas de outubro foi escolhido para representar a causa ao redor do mundo. Durante todo o per\u00edodo, \u00e9 comum ver espa\u00e7os e monumentos decorados e/ou iluminados com a cor.</span></p>\r\n<p class=\" \" style=\"text-align: justify; \"><span>No Brasil,\u00a0o primeiro sinal de envolvimento com o Outubro Rosa aconteceu em outubro de 2002, quando o Obelisco do Ibirapuera, em S\u00e3o Paulo, foi iluminado com a cor. Em outubro de 2008, o movimento ganhou ainda mais for\u00e7a e v\u00e1rias cidades brasileiras abra\u00e7aram o movimento.</span></p>\r\n<p class=\" \" style=\"text-align: justify; \"><span>O c\u00e2ncer de mama \u00e9 o segundo tipo de c\u00e2ncer mais comum entre as mulheres, no Brasil e no mundo \u2013 s\u00f3 perde para o c\u00e2ncer de pele n\u00e3o melanoma. S\u00e3o aproximadamente 58 mil novos casos por ano, de acordo com o Instituto Nacional de C\u00e2ncer (Inca), uma m\u00e9dia de 158,7 por dia.\u00a0 Os dados assustam, mas nem tudo \u00e9 m\u00e1 not\u00edcia: existe tratamento para c\u00e2ncer de mama, e, quando diagnosticado cedo, as chances de cura s\u00e3o altas.</span></p>\r\n<p style=\"text-align: justify; \"><span>Pensando nisso o munic\u00edpio de Centen\u00e1rio do Sul apresenta a programa\u00e7\u00e3o da Campanha Outubro Rosa - 2017 em Centen\u00e1rio do Sul e convida a todos para participarem.</span><strong><span><span></span></span></strong></p>\r\n<p style=\"text-align: justify; \"><strong><span><span>\u00a0</span></span></strong></p>\r\n<p style=\"text-align: justify; \"><strong><span><span>PROGRAMA\u00c7\u00c3O DO OUTUBRO ROSA EM CENTEN\u00c1RIO DO SUL</span></span></strong><span></span></p>\r\n<p style=\"text-align: justify; \"><strong><span>11/10: A\u00e7\u00e3o de divulga\u00e7\u00e3o da Campanha Outubro Rosa</span></strong><span>\u00a0no com\u00e9rcio com os ACS - agentes comunit\u00e1rios de sa\u00fade.</span></p>\r\n<p style=\"text-align: justify; \"><strong><span>AGENDA DE COLETA DE PREVENTIVO</span></strong><span>\u00a0(<strong>*</strong>dever\u00e3o ser agendados nas unidades)</span></p>\r\n<p style=\"text-align: justify; \"><strong><span>06/10 07:30h</span></strong><span>\u00a0Unidade Ana Garcia Ramos (Ventania)</span></p>\r\n<p style=\"text-align: justify; \"><strong><span>11/10 18:00h</span></strong><span>\u00a0Unidade Anita Canet (Cedap) e Unidade Ana Garcia Ramos (Ventania)</span></p>\r\n<p style=\"text-align: justify; \"><strong><span>17/10 18:00h</span></strong><span>\u00a0Unidade Anita Canet (Cedap) e Unidade Ana Garcia Ramos (Ventania)</span></p>\r\n<p style=\"text-align: justify; \"><strong><span>20/10 07:30h</span></strong><span>\u00a0Unidade Ana Garcia Ramos (Ventania)</span></p>\r\n<p style=\"text-align: justify; \"><strong><span>20/10 13:00h</span></strong><span>\u00a0Vila Progresso</span></p>\r\n<p style=\"text-align: justify; \"><strong><span>24/10 18:00h</span></strong><span>\u00a0Vila Progresso</span></p>\r\n<p style=\"text-align: justify; \"><strong><span>25/10 18:00h</span></strong><span>\u00a0Unidade Anita Canet (Cedap)</span></p>\r\n<p style=\"text-align: justify; \"><em><span>*Na Unidade Anita Canet (Cedap), s\u00e3o realizadas coletas todas as segundas e sextas-feiras.</span></em><span></span></p>\r\n<p style=\"text-align: justify; \"><em><span>*As coletas de preventivos s\u00e3o agendadas diariamente nas unidades, por telefone (3675-1855 \u2013 UBS Anita Canet) \u2013 (3675-1518 \u2013 UBS \u2013 Ana Garcia Ramos), ou pessoalmente na unidade.</span></em><span></span></p>\r\n<p style=\"text-align: justify; \"><span>\u00a0</span></p>\r\n<p style=\"text-align: justify; \"><strong><span><span>AGENDA DE PALESTRAS E OUTRAS ATIVIDADES</span></span></strong><span></span></p>\r\n<p style=\"text-align: justify; \"><strong><span>-18/10</span></strong><span>:\u00a0<strong>Palestra com a ginecologista/obstetra</strong>\u00a0Dra. Samara - Enfermeira Keila- Hor\u00e1rio: 18:00h - Local: Escola Municipal S\u00e3o Jos\u00e9</span></p>\r\n<p style=\"text-align: justify; \"><strong><span>-19/10</span></strong><span>:\u00a0<strong>Palestra no acampamento 2 de Dezembro com a Enfermeira Chiara \u2013\u00a0</strong>Hor\u00e1rio: 14:00h-Parceria com o CRAS.</span></p>\r\n<p style=\"text-align: justify; \"><strong><span>-24/10: Palestra com a Dra Ana Carolina e Dra Patr\u00edcia - Enfermeira Lua Lyria</span></strong><span>\u00a0- Hor\u00e1rio: 08:00h \u00e0s 16:00h - Local: Cine Paroquial. *ser\u00e3o realizadas outras atividades no local durante o per\u00edodo.</span></p>\r\n<p style=\"text-align: justify; \"><strong><span>-25/10: Palestra com Dr. Douglas e Dra Patr\u00edcia - Enfermeira Camila</span></strong><span>\u00a0-Hor\u00e1rio: das 08:00h \u00e0s 16:00h - Local: Centro Comunit\u00e1rio. *Ser\u00e3o realizadas outras atividades no local durante o per\u00edodo.</span></p>\r\n<p style=\"text-align: justify; \"><strong><span>-Dias 25 e 26/10:</span></strong><span>\u00a0Atendimento Odontol\u00f3gico na Unidade Ana Garcia Ramos - Hor\u00e1rio: das -08:00h \u00e0s 11:00h e das 13:00h \u00e0s 17:00h</span></p>\r\n<p style=\"text-align: justify; \"><span>Maiores Informa\u00e7\u00f5es: 43-3675-1855</span></p>\r\n<p class=\" \" style=\"text-align: justify; \"><span>Fonte:\u00a0http://www.centenariodosul.pr.gov.br/artigo/2075/saude-programacao-da-campanha-outubro-rosa</span></p>\r\n<p style=\"text-align: justify; \"><span><img src=\"https://www.centenariodosul.pr.leg.br/institucional/fotos/frases-de-outubro-rosa-4.jpg/@@images/b92f2be4-2ad5-4739-95e6-060637a897c9.jpeg\" alt=\"frases-de-outubro-rosa-4.jpg\" class=\"image-inline\" title=\"frases-de-outubro-rosa-4.jpg\" /></span></p>\r\n<p><span><br /></span></p>", "author_name": "cel", "version": "1.0", "author_url": "https://www.centenariodosul.pr.leg.br/author/cel", "provider_name": "C\u00c2MARA MUNICIPAL", "type": "rich"}