{"provider_url": "https://www.centenariodosul.pr.leg.br", "title": "LUTO OFICIAL DE 03 DIAS", "html": "<h3 style=\"text-align: justify; \">O prefeito Municipal de Centen\u00e1rio do Sul, Luiz Nicacio decretou luto de 03 dias pelo falecimento do ex-Prefeito e ex-Vereador, Am\u00e9rico Correia da Silva Filho (82 anos), na data de 25/05/2020.</h3>\r\n<h3 style=\"text-align: justify; \">Am\u00e9rico Correia da Silva Filho, natural de Belmonte, Bahia, foi prefeito em Centen\u00e1rio do Sul de 1993 \u00e0 1996, vereador por duas legislaturas (1977 \u00e0 1982 e 1983 \u00e0 1988. Foi professor e funcion\u00e1rio da AGEF (Armaz\u00e9ns Gerais Ferrovi\u00e1rios), professor inativo estadual, advogado<span class=\"text_exposed_show\">, filho de Am\u00e9rico Correia da Silva - ex-promotor de Justi\u00e7a do estado da Bahia, casado com Alzira Suter da Silva, professora estadual inativa, pai de Eug\u00eania Maria Suter Correia da Silva \u2013 advogada, Cristina Maria Suter Correia da Silva \u2013 procuradora de Justi\u00e7a no Paran\u00e1, S\u00edlvia Maria Suter Correia Cadena \u2013 professora na Universidade Federal do Paran\u00e1, e Crist\u00f3v\u00e3o Jos\u00e9 Suter Correia da Silva \u2013 desembargador em Roraima. Professor Am\u00e9rico \u00e9 autor dos livros Inspira\u00e7\u00e3o (poemas) e Inspira\u00e7\u00e3o II (poemas e pensamentos) e colaborador do livro \u201cO latim necess\u00e1rio em Direito\u201d, do escritor e advogado Luciano Correia da Silva. Residia em Santa Mariana, no Paran\u00e1.<br />Professor Am\u00e9rico residia em Santa Mariana, no Paran\u00e1. Seu corpo foi sepultado na manh\u00e3 dessa ter\u00e7a-feira, 26, no Crematorium Londrina.</span></h3>\r\n<h3>\"N\u00e3o fa\u00e7o s\u00f3 poesia, fa\u00e7o tamb\u00e9m muito mais.<br />A inspira\u00e7\u00e3o me envia a previs\u00f5es e que tais\".</h3>\r\n<h3>\u2605 08/01/1938<br />\u2020 25/05/2020</h3>\r\n<p>\u00a0</p>\r\n<h3 style=\"text-align: center; \"><em>O Poder Legislativo deixa as mais sinceras condol\u00eancias \u00e0 fam\u00edlia e amigos por esta inestim\u00e1vel perda de uma pessoa que muito fez pelo munic\u00edpio de Centen\u00e1rio do Sul.\u00a0</em></h3>\r\n<h3><span><br /></span></h3>\r\n<h3><span>Fonte:\u00a0</span><a href=\"http://www.centenariodosul.pr.gov.br/artigo/2711/luto-oficial-de-03-dias\">http://www.centenariodosul.pr.gov.br/artigo/2711/luto-oficial-de-03-dias</a></h3>", "author_name": "", "version": "1.0", "author_url": "https://www.centenariodosul.pr.leg.br/author/adm", "provider_name": "C\u00c2MARA MUNICIPAL", "type": "rich"}