{"provider_url": "https://www.centenariodosul.pr.leg.br", "title": "LUTO NO PODER LEGISLATIVO ", "html": "<h3 style=\"text-align: justify; \">O Presidente do Poder Legislativo de Centen\u00e1rio do Sul decretou por meio da Portaria n\u00ba 009/2018, luto oficial\u00a0no Legislativo de 03(tr\u00eas) dias, a partir de 04 de Outubro, em raz\u00e3o do falecimento da Servidora CARMELITA DE JESUS SILVA. Neste per\u00edodo, ficar\u00e1 hasteada as Bandeiras em meio mastro no Legislativo.</h3>\r\n<h3 style=\"text-align: justify; \"></h3>\r\n<p>\u00a0</p>\r\n<h3 style=\"text-align: justify; \">A C\u00e2mara Municipal atrav\u00e9s de seu Presidente Pedro Carlos Lisboa de Jesus e demais Vereadores e Servidores, lamentam a perda desta Servidora, pois foi um exemplo de servidora p\u00fablica, sempre cumprindo na integra as suas fun\u00e7\u00f5es designadas, assim merece todas as homenagens desta Casa de Leis e deixamos os nossos pesares \u00e0 fam\u00edlia e amigos por esta perda que este Legislativo acaba de ter.</h3>\r\n<h3 style=\"text-align: justify; \"></h3>\r\n<p>\u00a0</p>\r\n<h3 style=\"text-align: justify; \">O corpo ser\u00e1 velado no Plen\u00e1rio da C\u00e2mara Municipal de Centen\u00e1rio do Sul, a partir das 00h00 \u00e0s 15:00 do dia 04/10/2018, onde seu corpo seguir\u00e1 at\u00e9 a Igreja Matriz Nossa Senhora das Gra\u00e7as e seu sepultamento est\u00e1 marcado para as 16h00 de 04/10/2018.</h3>\r\n<h3 style=\"text-align: justify; \"></h3>\r\n<p>\u00a0</p>\r\n<h3 style=\"text-align: justify; \">O sr. Presidente ainda estabelece Ponto Facultativo nos dias 04 e 05/10/2018 na C\u00e2mara Municipal, afim de que os Vereadores e Servidores desta Casa Legislativa possam prestar solidariedade \u00e0 fam\u00edlia.</h3>", "author_name": "cel", "version": "1.0", "author_url": "https://www.centenariodosul.pr.leg.br/author/cel", "provider_name": "C\u00c2MARA MUNICIPAL", "type": "rich"}