{"provider_url": "https://www.centenariodosul.pr.leg.br", "title": "CICLO DE CAPACITA\u00c7\u00c3O PARA CIDADANIA", "html": "<h3 style=\"text-align: justify; \">No dia 19/06, a C\u00e2mara Municipal de Centen\u00e1rio do Sul recebeu o curso de Capacita\u00e7\u00e3o para cidadania, onde estiveram presente participando do evento Vereadores e Servidores de diversas cidades da regi\u00e3o que fazem parte da AVEMPAR (Associa\u00e7\u00e3o de Vereadores do M\u00e9dio Paranapanema), assim ocorreu a seguinte programa\u00e7\u00e3o:</h3>\r\n<h3 style=\"text-align: justify; \">- As 09:00h palestrante MARY NATSUE OGAWA representando o TRE/Escola Judici\u00e1ria Eleitoral, com o tema: \"Projetos do Programa Educa\u00e7\u00e3o para a cidadania da EJE/TRE/PR, Parlamento Jovem, Eleitor do Futuro e Tribunal Eleitoral Jovem.</h3>\r\n<h3 style=\"text-align: justify; \">- As 10:00h palestrante JULIO MAKAUCH presidente da UVEPAR com o tema: Recupera\u00e7\u00e3o Fiscal e Financeira dos Estados a partir da reforma da estrutura da m\u00e1quina p\u00fablica no Brasil, novo conceito de gest\u00e3o eficiente para os munic\u00edpios, valoriza\u00e7\u00e3o do Legislativo e o que nos espera para 2020.</h3>\r\n<h3 style=\"text-align: justify; \">- As 13:30h palestrante Dr. RENATO DOS SANTOS SANT\u00b4ANNA com o tema: Improbidade e Razoabilidade</h3>\r\n<h3 style=\"text-align: justify; \">- As 14:30h palestrante LUIZ NIC\u00c1CIO prefeito do munic\u00edpio de Centen\u00e1rio do Sul, com o tema: Contabilidade da Gest\u00e3o P\u00fablica</h3>\r\n<h3 style=\"text-align: justify; \">- As 15:30h palestrante JULIO MAKUCH com o tema: Reforma Pol\u00edtica e as perspectivas jur\u00eddicas para as elei\u00e7\u00f5es de 2020</h3>\r\n<h3 style=\"text-align: justify; \">\u00a0</h3>\r\n<h3 style=\"text-align: justify; \">Os presidentes da UVEPAR e AVEMPAR sr. Julio Makuch, Adam Lineker e o presidente da C\u00e2mara Municipal de Centen\u00e1rio do Sul, sr. Marlon do Kioski agradecem a todos os Vereadores e Servidores na participa\u00e7\u00e3o do evento.</h3>\r\n<p>\u00a0</p>\r\n<p>Maiores informa\u00e7\u00f5es:\u00a0</p>\r\n<p><a href=\"http://www.uvepar.com.br/site/noticias/12444\">http://www.uvepar.com.br/site/noticias/12444</a></p>\r\n<p>\u00a0</p>\r\n<p>\u00a0</p>\r\n<p><img src=\"https://www.centenariodosul.pr.leg.br/institucional/fotos/whatsapp-image-2019-06-23-at-22-50-37.jpeg/@@images/69e6f86a-91a0-4043-b905-d5df1191c001.jpeg\" alt=\"WhatsApp Image 2019-06-23 at 22.50.37.jpeg\" class=\"image-inline\" title=\"WhatsApp Image 2019-06-23 at 22.50.37.jpeg\" />\u00a0\u00a0<img src=\"https://www.centenariodosul.pr.leg.br/institucional/fotos/whatsapp-image-2019-06-23-at-22-51-11.jpeg/@@images/e35cd174-095b-48b6-baa2-67232291b83e.jpeg\" alt=\"WhatsApp Image 2019-06-23 at 22.51.11.jpeg\" class=\"image-inline\" title=\"WhatsApp Image 2019-06-23 at 22.51.11.jpeg\" /></p>", "author_name": "cel", "version": "1.0", "author_url": "https://www.centenariodosul.pr.leg.br/author/cel", "provider_name": "C\u00c2MARA MUNICIPAL", "type": "rich"}