{"provider_url": "https://www.centenariodosul.pr.leg.br", "title": "C\u00e2mara Municipal recebe o Ciclo de Capacita\u00e7\u00e3o para Cidadania", "html": "<h2 style=\"text-align: justify; \">A C\u00e2mara Municipal de Centen\u00e1rio do Sul recebe o curso sobre o Ciclo de Capacita\u00e7\u00e3o para cidadania, promovido pela AVEMPAR (Associa\u00e7\u00e3o de Vereadores do M\u00e9dio Paranapanema e UVEPAR (Uni\u00e3o dos Vereadores do Paran\u00e1). Curso este que ser\u00e1 realizado neste dia 19/06/2019, no hor\u00e1rio das 08:00 as 17:00 hrs com inscri\u00e7\u00f5es GRATUITAS.</h2>\r\n<p>\u00a0</p>\r\n<h2 style=\"text-align: justify; \">MAIORES INFORMA\u00c7\u00d5ES, PROGRAMA\u00c7\u00d5ES E INSCRI\u00c7\u00d5ES, ACESSAR O LINK:</h2>\r\n<p>\u00a0</p>\r\n<h2 style=\"text-align: justify; \"><a href=\"http://www.uvepar.com.br/site/caravana/12298\">http://www.uvepar.com.br/site/caravana/12298</a></h2>\r\n<p>\u00a0</p>", "author_name": "cel", "version": "1.0", "author_url": "https://www.centenariodosul.pr.leg.br/author/cel", "provider_name": "C\u00c2MARA MUNICIPAL", "type": "rich"}