{"provider_url": "https://www.centenariodosul.pr.leg.br", "title": "Hist\u00f3rico de Centen\u00e1rio do Sul-PR", "html": "<p class=\"western\"><span>A forma\u00e7\u00e3o do povoado teve in\u00edcio entre os anos de 1.943 e 1.944, os primeiros colonizadores que aqui se estabeleceram vinham em busca da riqueza, em especial \u00e0s transa\u00e7\u00f5es imobili\u00e1rias, agr\u00edcolas e comerciais. Entre os primeiros povoadores podem ser citados Pio Esteves Martins, que chegou em 1.945 e construiu o primeiro rancho. No dia 20 de Agosto de 1.945 foi efetuada a demarca\u00e7\u00e3o de lotes urbanos e rurais pelo Engenheiro Casimiro Le\u00e3o, com a ajuda do Agrimensor Margarido. A terra f\u00e9rtil atraiu grande n\u00famero de homens de neg\u00f3cios, fazendeiros e agricultores que iniciaram o progresso e desenvolvimento. Destacam-se entre outros Jo\u00e3o de Carlos, Jo\u00e3o Ferreira dos Anjos, Jos\u00e9 Clim\u00e1cio da Silva, Benedito Anacleto Resende, Pedro Gon\u00e7alves da Silva, Hor\u00e1cio P. da Silva - 1\u00ba vereador de Centen\u00e1rio do Sul, na C\u00e2mara de Jaguapit\u00e3.</span></p>\r\n<p class=\"western\">Em 1.946, foi constru\u00edda a primeira capela (que teve como Padroeira Nossa Senhora Aparecida) e logo ap\u00f3s uma padaria e uma pens\u00e3o. A primeira missa foi celebrada a 06 de setembro de 1.946 pelo Padre Luiz de Otam. A cultura cafeeira foi iniciada por Izidoro Ignotti, Jo\u00e3o Nicolau, Bruno e Maximiliano St\u00e1bile.</p>\r\n<p class=\"western\">No ano de 1.947, entrou em funcionamento a primeira serraria administrada por Caetano Belenda, a qual impulsionou grande desenvolvimento a esta localidade. Em 10 de Outubro deste mesmo ano, Centen\u00e1rio do Sul foi elevada a Distrito Administrativo atrav\u00e9s da Lei Estadual n\u00ba. 02 em virtude da elei\u00e7\u00e3o de Jaguapit\u00e3 a Munic\u00edpio. Foram nomeados nesta data os senhores Ant\u00f4nio R. de Oliveira (Juiz de Paz), Isaac C\u00e2ndido de Almeida (Sub-delegado), Alcides Faustino (Escriv\u00e3o do registro Civil e anexos).</p>\r\n<p class=\"western\">A primeira escola foi constru\u00edda em 1.948, tendo como professoras as senhoras Maria Guimar\u00e3es da Cruz e Ol\u00edvia Esteves Martins.</p>\r\n<p class=\"western\">Em 1.949, Centen\u00e1rio do Sul, j\u00e1 contava com um campo de pouso para avi\u00f5es de pequeno porte. Entre os anos de 1.950 e 1.952 a energia el\u00e9trica passou a chegar no Distrito atrav\u00e9s de um gerador instalado na serraria do Sr. Manuel de Freitas. O primeiro vig\u00e1rio Padre foi Frei Francisco, chegou em 1951.</p>\r\n<p class=\"western\">A r\u00e1pida transforma\u00e7\u00e3o de simples povoado a Distrito dos mais populosos e promissores fez com que fosse elevado a Munic\u00edpio no dia 14 de Novembro de 1951, atrav\u00e9s da Lei Estadual n\u00ba. 790; atendendo a v\u00e1rias reivindica\u00e7\u00f5es de seus moradores desmembrando-se de Jaguapit\u00e3.</p>\r\n<p class=\"western\">No dia 14 de Dezembro de 1952 foi realizada a instala\u00e7\u00e3o solene do Munic\u00edpio com a posse do primeiro Prefeito, Sr. Afonso Belenda e da C\u00e2mara dos Vereadores, composta pelos Senhores: Jos\u00e9 Clim\u00e1cio da Silva, Ol\u00edvio Francisco de Assis, Fuad Nacli, Jo\u00e3o Pereira dos Anjos, Francisco Br\u00edgido Dutra, Aldo Zanardo, Ant\u00f4nio Rodrigues de Oliveira, Esperidi\u00e3o Ribeiro e Arlindo Viana Xavier Filho. A instala\u00e7\u00e3o do Munic\u00edpio coincidiu com a abertura de grandes fazendas: Fazenda Quem Sabe de Doutor Magalh\u00e3es, Fazenda Carneiro de Waldomiro Carneiro, Fazenda Tabapu\u00e3 de Jer\u00f4nimo In\u00e1cio da Costa, Fazenda Ibian\u00ea de Ant\u00f4nio Junqueira, Fazenda Mont Serrat de Izidoro Ignotti, Fazenda Primavera de Hermes Faria de Macedo, Fazenda \u00c1gua Vista Alegre de Pedro Domingos de Oliveira, Josafa Dantas Correira e Jo\u00e3o Garrido, Fazenda \u00c1gua do Pito de Benjamim de Brito e Jos\u00e9 de Castro, e das fam\u00edlias Takano e Enokida nas proximidades da Fazenda S\u00e3o Luiz de Milton Barrionuevo.</p>\r\n<p class=\"western\">O primeiro ve\u00edculo de aluguel era de propriedade do Sr. \u00c2ngelo Giansanti, um fordinho ano 29 que fazia o transporte de passageiros por estradas na maioria das vezes intransit\u00e1veis, este ve\u00edculo foi alcunhado na \u00e9poca da chamada \u201cpol\u00edtica braba\u201d de \u201cP\u00e9 de Fuxico\u201d.</p>\r\n<p class=\"western\">Outro nome de destaque \u00e9 Sr. Lineu Carlos de Souza Dias, um dos membros da Diretoria da Sociedade Amigos de Centen\u00e1rio, hoje denominada\u00a0CENTEN\u00c1RIO ESPORTE\u00a0CLUBE, que em 1949 possu\u00eda um servi\u00e7o de auto-falantes, que por este meio de comunica\u00e7\u00e3o eram registrados os principais acontecimentos comunit\u00e1rios e o trabalho her\u00f3ico dos pioneiros que desbravavam as terras nas aberturas das fazendas e estabelecimentos variados.</p>\r\n<p class=\"western\">Do com\u00e9rcio local devem ser lembrados os primeiros comerciantes, como os Senhores Nic\u00e9sio Ferreira Martins(da Pens\u00e3o Mineira e Hotel Minas Gerais), Anacleto de Almeida(Pens\u00e3o e Hotel Central). No com\u00e9rcio varejista destacam-se Lodomiro Nogueira(Casa de Cal\u00e7ados Nossa Senhora Aparecida), Mizael Gomes da Silva(Casa Sul Am\u00e9rica), Casa Ruela, Bazar Que Me Veste, Bar Paulista de Natal Coreza, Sal\u00e3o do Jo\u00e3o Jaca de Jo\u00e3o Natal e Manoel Gobeti, Escrit\u00f3rio Bandeirantes de Deodato de Oliveira e Ant\u00f4nio Rodrigues Oliveira, a Pens\u00e3o do Sargento Carlos Martins Costa, Serraria Reg\u00eancia de Jos\u00e9 Antunes, a Casa Verde, Casa das F\u00e1bricas entre muitas outras de grande valor prestativos a comunidade.</p>\r\n<p class=\"western\">Os primeiros professores da cidade, que com suas nobres miss\u00f5es e muita dedica\u00e7\u00e3o trouxeram o conhecimento e o saber para as crian\u00e7as e jovens da cidade, tais como as Sr\u00aas. Marocas, esposa de Jo\u00e3o dos Anjos, Maria Guimar\u00e3es, Ol\u00edvia, o Professor Jos\u00e9 e outros.</p>\r\n<p class=\"western\">No setor de Sa\u00fade, o primeiro m\u00e9dico o Dr. Nestor Sim\u00f5es Pires formado pela Faculdade de Medicina da Bahia, posteriormente Dr. Jos\u00e9 Paulo Pimenta de Melo e o Dr. Salom\u00e3o Yanhilevih, que vieram consolidar os excelentes trabalhos de assist\u00eancia m\u00e9dica a popula\u00e7\u00e3o.</p>\r\n<p class=\"western\">No ramo Farmac\u00eautico: Jos\u00e9 Gurgel da Farm\u00e1cia \u201c\u00c2njo da Guarda\u201d de Osvaldo Rocha Marques e tamb\u00e9m J\u00falio Libanio, At\u00edlio Podest\u00e1 e Ivan Restel que instalaram suas farm\u00e1cias.</p>\r\n<p class=\"western\">Na odontologia os trabalhos do Dr. Estevan Henrique de Carvalho, Walter Ferreira Coutinho e Pl\u00ednio Rodrigues Lago os primeiros dentistas.</p>\r\n<p class=\"western\">Na \u00e9poca haviam dois postos de gasolina, o Posto Texaco e Posto Esso. A cidade contava com dois cinemas, o Cine Centen\u00e1rio e Cine Graciema.</p>\r\n<p class=\"western\">Outras pessoas participaram do desenvolvimento do Munic\u00edpio; Am\u00e9rico Coelho(Funcion\u00e1rio Municipal), Domiciano Garcia Rosa(Agricultor), Alcides Borges do Amaral, Agripino Br\u00e1z(Comerciante), Jos\u00e9 Hesdorf(Gerente da Serraria Regente), C\u00e2ndido Lopes(primeiro relojoeiro que ensinou seu of\u00edcio a Francisco Alves de Oliveira).</p>\r\n<p class=\"western\">A origem do nome Centen\u00e1rio do Sul ao Munic\u00edpio deve-se ao Engenheiro Casimiro Le\u00e3o que assim denominou a localidade para indicar que ficava pr\u00f3ximo do Ribeir\u00e3o Centen\u00e1rio na parte Sul da Gleba.</p>\r\n<p class=\"western\">Outros dizem que a origem de Centen\u00e1rio do Sul se deve ao fato que no ano de sua funda\u00e7\u00e3o, em 1952, o Sul do Estado comemorava o cent\u00e9simo anivers\u00e1rio de emancipa\u00e7\u00e3o de S\u00e3o Paulo.</p>\r\n<p class=\"western\">\u00a0</p>\r\n<p class=\"western\"><b>CENTEN\u00c1RIO DO SUL - DEPOIS DA EMANCIPA\u00c7\u00c3O</b><b></b></p>\r\n<p class=\"western\">Resultado do progresso de Centen\u00e1rio do Sul no decorrer da nova Administra\u00e7\u00e3o O Munic\u00edpio de Centen\u00e1rio do Sul, situa-se no vale do Paranapanema, Regi\u00e3o Norte do Paran\u00e1 e conta com 13.271 habitantes.</p>\r\n<p class=\"western\">Com \u00e1rea de 393 Km2, o Munic\u00edpio de Centen\u00e1rio do Sul, divide sua economia entre a Agricultura, com predom\u00ednio da cultura canavieira e a pecu\u00e1ria de corte, com extensas pastagens.</p>\r\n<p class=\"western\">As caracter\u00edsticas cafeeiras, que teve o auge na coloniza\u00e7\u00e3o, ficou quase extintas, provocadas pelas geadas registradas no Paran\u00e1, principalmente a de 1975, que erradicou o caf\u00e9 na regi\u00e3o.</p>\r\n<p class=\"western\">Como alternativa, nesta \u00e9poca, a cotonicultura ganhou destaque. Mas a falta de incentivo de pre\u00e7os pelo Governo do Estado fez diminuir consideravelmente as \u00e1reas plantadas com algod\u00e3o, cedendo espa\u00e7o para a cana-de-a\u00e7\u00facar. Toda a produ\u00e7\u00e3o \u00e9 transformada em a\u00e7\u00facar e \u00e1lcool na Usina Central do Paran\u00e1, em Porecatu. Parte da produ\u00e7\u00e3o agroindustrial do Munic\u00edpio \u00e9 comercializada principalmente pelo entreposto da Cooperativa dos Cafeicultores de Porecatu(Cofercatu).</p>\r\n<p class=\"western\">Mais uma vez o caf\u00e9 come\u00e7a a se expandir. Hoje a Prefeitura Municipal de Centen\u00e1rio do Sul, est\u00e1 incentivando o plantio do caf\u00e9. H\u00e1 um grande interesse por parte dos agricultores, principalmente pelo caf\u00e9 Adensado(Maior produ\u00e7\u00e3o em menor \u00e1rea).</p>\r\n<p class=\"western\">Para atend\u00ea-los a Prefeitura conta com um viveiro de 500.000 mudas de caf\u00e9. J\u00e1 foram produzidas em nosso viveiro 2.500.000 mudas desde 1997. A Prefeitura, atrav\u00e9s de incentivo do Governo (PARAN\u00c1 URBANO), implantou em nosso Munic\u00edpio a Vila Rural, que \u00e9 projeto do Governo Estadual. A Vila Rural Vista Alegre, tem uma \u00e1rea total de 293.699,64 m2, divididos em 46 lotes, com 44 unidades habitacionais.</p>\r\n<p class=\"western\">O com\u00e9rcio e as microind\u00fastrias geram a maior parte de ICMS. A outra parcela vem dos recursos dos Governos Estadual e Federal, destinados em sua maior parte \u00e0 manuten\u00e7\u00e3o da Educa\u00e7\u00e3o e da Sa\u00fade, que foram municipalizadas.<br /> <br /> Para incentivar a Ind\u00fastria em nosso munic\u00edpio, a Prefeitura tem um \"Parque Industrial\" com \u00e1rea de 141.976,05 m2, em localiza\u00e7\u00e3o privilegiada na parte alta da cidade, contendo 07 Barrac\u00f5es Industriais, sendo que 01 \u00e9 dividido em 15 boxes para instala\u00e7\u00e3o de microind\u00fastrias, que ter\u00e3o infraestrutura completa para o funcionamento das mesmas. O Munic\u00edpio oferece ainda, Lei de Isen\u00e7\u00e3o Fiscal total de Tributos pelo prazo de 10 anos.</p>\r\n<p class=\"western\">Quanto \u00e0 Educa\u00e7\u00e3o, A Secretaria de Estado da Educa\u00e7\u00e3o e a Fundepar t\u00eam colaborado atrav\u00e9s de diversos programas, entre os quais o do\u00a0Livro Did\u00e1tico,\u00a0constru\u00e7\u00e3o e reforma de escolas e merenda escolar.</p>\r\n<p class=\"western\">A Prefeitura subsidia o transporte dos alunos da Zona Rural para as escolas da cidade.</p>\r\n<p class=\"western\">Ao todo s\u00e3o 5.082 estudantes atendidos pelo programa; sendo que 2.843 das escolas municipais e 2.239 das estaduais.</p>\r\n<p class=\"western\">Contamos com 11(onze) Escolas Municipais de 1\u00aa \u00e0 4\u00aa s\u00e9ries, sendo uma especializada em Educa\u00e7\u00e3o Infantil.</p>\r\n<p class=\"western\">Nosso Munic\u00edpio conta com 2 (duas) Escolas Estaduais, onde uma oferece ensino de 5\u00aa \u00e0 8\u00aa s\u00e9ries e 2\u00ba Grau(Educa\u00e7\u00e3o Geral). A outra s\u00f3 de ensino de 2\u00ba grau, oferecendo os Cursos de Magist\u00e9rio, Contabilidade e T\u00e9cnico em Contabilidade.</p>\r\n<p class=\"western\">Por m\u00eas s\u00e3o gastos um montante de 18.000,00 Reais, incluindo as despesas com pessoal, combust\u00edvel e manuten\u00e7\u00e3o dos ve\u00edculos . Para este servi\u00e7o, n\u00e3o existe qualquer ajuda do Governo.</p>\r\n<p class=\"western\">Em nosso Munic\u00edpio h\u00e1 v\u00e1rios Conjuntos Habitacionais. Um deles Constru\u00eddo pela Cohab, n\u00e3o conseguiu ser totalmente ocupado. As poucas fam\u00edlias que pretendiam as casas populares n\u00e3o conseguiram financiar a compra dos im\u00f3veis, pois o sal\u00e1rio do trabalho no campo n\u00e3o atinge a renda m\u00ednima exigida pela Cohab. Ao mesmo tempo, um programa do Governo Estadual financiou a constru\u00e7\u00e3o de casas no regime Mutir\u00e3o, onde as fam\u00edlias pagam 20% do sal\u00e1rio m\u00ednimo por m\u00eas.</p>\r\n<p class=\"western\">O Setor de Sa\u00fade est\u00e1 muito bem equipado. O hospital municipal conta com 34 leitos distribu\u00eddos em quatro quartos, tr\u00eas enfermarias, uma maternidade, uma pediatria e um raio X.\u00a0Oferece ainda servi\u00e7os de eletrocardiograma, ultra-sonografia e fisioterapia. Temos ainda o atendimento de uma Psic\u00f3loga e duas Assistentes Sociais.</p>\r\n<p class=\"western\">O Munic\u00edpio transporta pacientes para Londrina tr\u00eas vezes por semana, em um \u00f4nibus especial, para atendimento em hospitais conveniados com o SUS.</p>\r\n<p class=\"western\">Atrav\u00e9s dos Postos de Sa\u00fade, a popula\u00e7\u00e3o carente tem acesso a medicamentos, na sua falta o fornecimento \u00e9 feito atrav\u00e9s de aquisi\u00e7\u00f5es em farm\u00e1cias da cidade, devidamente credenciadas por licita\u00e7\u00e3o. Para refor\u00e7ar a alimenta\u00e7\u00e3o das fam\u00edlias carentes, a Prefeitura distribui diariamente duzentos litros de leite de soja \u00e0 180 fam\u00edlias devidamente cadastradas.</p>\r\n<p class=\"western\">Apesar de todos os trabalhos realizados, a Prefeitura n\u00e3o conta com programas de incentivo ou desenvolvimento industrial no Munic\u00edpio.</p>\r\n<p class=\"western\">Apesar do caf\u00e9 ter erradicado as matas, o Distrito de Vila Progresso mant\u00e9m a Reserva Florestal de Ibicatu. A mata \u00e9 o \u00faltimo remanescente de esp\u00e9cies nativas em meio a um \u201cOceano\u201d de canaviais. No local, al\u00e9m de plantas, s\u00e3o abrigadas v\u00e1rias esp\u00e9cies de animais e aves em vias de extin\u00e7\u00e3o. \u00c9 f\u00e1cil encontrar jacu, porco do mato, cotia, capivara, anta e at\u00e9 algumas ra\u00e7as inexistentes anteriormente na regi\u00e3o, que foram soltas ap\u00f3s a cria\u00e7\u00e3o do parque, como o lobo-guar\u00e1, o sag\u00fci e o tamandu\u00e1.</p>\r\n<p class=\"western\">Esta reserva al\u00e9m de servir de habitat a alguns animais hoje quase extintos, serve ainda como \u00e1rea de lazer, onde muitas fam\u00edlias nos finais de semana e feriados aproveitam para passar horas agrad\u00e1veis e repousantes junto com os seus.</p>\r\n<p class=\"western\">Centen\u00e1rio conta com uma \u00e1rea de lazer localizada \u00e0s margens do rio Paranapanema denominada \"Condom\u00ednio Pedra Preta\", com 48.400 m2. O Condom\u00ednio possui 31 lotes residenciais e 01 lote de \u00e1rea comum.</p>\r\n<p class=\"western\">\u00a0</p>\r\n<p class=\"western\"><b>HIST\u00d3RICO DO DISTRITO DE VILA PROGRESSO - MUNIC\u00cdPIO DE CENTEN\u00c1RIO DO SUL</b><b></b></p>\r\n<p class=\"western\">O Munic\u00edpio come\u00e7ou a se desenvolver no in\u00edcio da d\u00e9cada de 40, principalmente com o surgimento das fazendas cafeeiras. O Distrito de Vila Progresso, por exemplo, foi um grande centro comercial e conheceu o progresso, como o nome anunciava.</p>\r\n<p class=\"western\">No bairro, cercado por florestas de peroba-rosa, habitavam mais de 30 mil pessoas. Ali concentrava um farto com\u00e9rcio com lojas de confec\u00e7\u00f5es, m\u00e9dicos e dentistas, cinco mercearias, v\u00e1rios bares, a\u00e7ougues e muita fartura.</p>\r\n<p class=\"western\">Palco de um dos mais sangrentos conflitos armados que o Norte do Paran\u00e1 j\u00e1 teve registro, o distrito de Vila Progresso, em Centen\u00e1rio do Sul, foi o piv\u00f4 central da Guerra de Porecatu, no final da d\u00e9cada de 40.</p>\r\n<p class=\"western\">Pouco divulgada pelos livros de hist\u00f3ria, o conflito envolveu posseiros de terras, a quem o governo federal havia prometida \u00e1reas agr\u00edcolas caso desmatassem a regi\u00e3o, grileiros que tentaram ocupar a regi\u00e3o sem qualquer respaldo e os grandes fazendeiros.</p>\r\n<p class=\"western\">Como o Governo Federal n\u00e3o concedeu os t\u00edtulos definitivos aos posseiros, houve luta armada com os grileiros que tentaram se aproveitar da situa\u00e7\u00e3o e os verdadeiros propriet\u00e1rios das terras.</p>\r\n<p class=\"western\">Muitos fazendeiros conseguiram anexar terras dos posseiros \u00e0s suas propriedades atrav\u00e9s de influ\u00eancia pol\u00edtica, com o apoio dos Governadores da \u00e9poca.</p>\r\n<p class=\"western\">Com o conflito generalizado, o Partido Comunista Brasileiro (PCB) entrou na luta, aproveitando o clima criado. Diversos membros incentivavam o uso da for\u00e7a para que os grileiros tivessem um peda\u00e7o de terra.</p>\r\n<p class=\"western\">A guerra de Porecatu envolveu os Munic\u00edpios: Porecatu, Centen\u00e1rio do Sul, Guaraci, Jaguapit\u00e3, Florest\u00f3polis e Miraselva, nos conflitos armados.</p>\r\n<p class=\"western\">O conflito se agravou com a entrada da Pol\u00edcia Militar do Paran\u00e1. Intensas emboscadas com mortes, foram registradas e muitos comunistas e pequenos agricultores foram presos e torturados para que confessassem a sua participa\u00e7\u00e3o. Com a repress\u00e3o policial nos primeiros anos da d\u00e9cada de 50, os comunistas abandonaram a regi\u00e3o e se refugiaram em outros Estados.</p>\r\n<p class=\"western\">Atualmente, poucas pessoas que foram testemunhas e ainda est\u00e3o vivas, evitam comentar o assunto. Com o fim do Ciclo do Caf\u00e9, o \u00eaxodo rural provocou o esvaziamento do distrito. Hoje, pouco menos de 300 pessoas residem na regi\u00e3o, a maioria b\u00f3ias-frias na condi\u00e7\u00e3o de itinerantes.</p>\r\n<p class=\"western\">\u00a0</p>\r\n<p class=\"western\"><b>SIGNIFICADO DO NOME DO MUNIC\u00cdPIO</b><b></b></p>\r\n<p class=\"western\">Etimologia: Centen\u00e1rio vem do latim \u201ccentenarium\u201d, com referencia a data que encerra o numero cem (ABHF). Segundo o dicionarista Antonio Geraldo da Cunha o termo \u201ccenten\u00e1rio\u201d designa adjetivo de cem anos.</p>\r\n<p class=\"western\">do\u00a0Contra\u00e7\u00e3o de preposi\u00e7\u00e3o \u201cde\u201d (posse), com o artigo masculino \u201co\u201d.</p>\r\n<p class=\"western\">Sul\u00a0Vem do anglo-sax\u00f4nico \u201csuth\u201d, atrav\u00e9s do franc\u00eas \u201csud\u201d, significando ponto cardeal que se op\u00f5e ao norte, designando ainda regi\u00e3o situada ao sul (ABHF).</p>\r\n<p class=\"western\">Origem Hist\u00f3rica. O povoamento do territ\u00f3rio do atual munic\u00edpio de Centen\u00e1rio do Sul iniciou-se com a febre colonizadora que assolou o Paran\u00e1 a partir da d\u00e9cada de trinta. O nome da localidade \u00e9 de refer\u00eancia geogr\u00e1fica, em fun\u00e7\u00e3o do Rio Centen\u00e1rio, que banha a regi\u00e3o.</p>\r\n<p class=\"western\">O que motivou a vinda de centenas de fam\u00edlias para a regi\u00e3o de Centen\u00e1rio, certamente foi a fertilidade do solo e a facilidade de aquisi\u00e7\u00e3o de terras. Todos tinham em mente o cultivo do caf\u00e9, que na \u00e9poca se constitu\u00eda em alto neg\u00f3cio. Este fator fez com que grande parte do fluxo migrat\u00f3rio se assentasse nas proximidades do Rio Centen\u00e1rio, formando um patrim\u00f4nio.</p>\r\n<p class=\"western\">Em 10 de Outubro de Lei Estadual n\u00ba. 02, criou o Distrito Administrativo de Centen\u00e1rio do Sul, com territ\u00f3rio pertencente ao munic\u00edpio de Jaguapit\u00e3. Atrav\u00e9s da Lei Estadual n\u00ba. 790, de 14 de Novembro de 1951, sancionada pelo governador Bento Munhoz da Rocha Netto, foi criado o munic\u00edpio de Centen\u00e1rio do Sul, com territ\u00f3rio desmembrado do munic\u00edpio de Jaguapit\u00e3. A instala\u00e7\u00e3o oficial ocorreu no dia 14 de Dezembro de 1952, com a posse do primeiro prefeito municipal, Sr. Afonso Belenda.</p>\r\n<p class=\"western\">\u00a0</p>\r\n<p class=\"western\">Fonte: Munic\u00edpios paranaenses: Origens e significados de seus nomes</p>\r\n<p class=\"western\">Autor: Jo\u00e3o Carlos Vicente Ferreira</p>", "author_name": "Programa Interlegis", "version": "1.0", "author_url": "https://www.centenariodosul.pr.leg.br/author/Programa Interlegis", "provider_name": "C\u00c2MARA MUNICIPAL", "type": "rich"}